{"id":3469,"date":"2025-08-13T16:19:16","date_gmt":"2025-08-13T14:19:16","guid":{"rendered":"https:\/\/www.spreadshirt.de\/gestalten\/blog\/?p=3469"},"modified":"2025-08-26T14:37:35","modified_gmt":"2025-08-26T12:37:35","slug":"volksfest-outfitideen","status":"publish","type":"post","link":"https:\/\/www.spreadshirt.de\/gestalten\/blog\/volksfest-outfitideen\/","title":{"rendered":"Dein selbstdesignter Volksfest-Style\u00a0"},"content":{"rendered":"\n<p>Stell Dir vor: Die Sonne geht langsam unter, der Duft von gebrannten Mandeln liegt in der Luft, die Musik der Blaskapelle mischt sich mit Gel\u00e4chter und dem Klirren von Kr\u00fcgen. \u00dcberall Dirndl, Lederhosn und Tracht \u2013 und mittendrin Du. Aber nicht einfach so, sondern mit einem Look, der sofort alle Blicke auf sich zieht. Kein 08\/15, sondern Dein eigenes Design. Farben, Spr\u00fcche, Motive \u2013 ein einzigartiges Volksfest-Outfit par excellence.&nbsp;&nbsp;<\/p>\n\n\n\n<p>Volksfeste sind bunt, laut, gesellig. Und sie sind die perfekte B\u00fchne, um Deinen Style zu zeigen. Mit Print-on-Demand-Produkten von Spreadshirt gestaltest Du T-Shirts, Hoodies, <a href=\"https:\/\/www.spreadshirt.de\/gestalten\/muetzen\" target=\"_blank\" rel=\"noreferrer noopener\"><strong>M\u00fctzen<\/strong> <\/a>oder <a href=\"https:\/\/www.spreadshirt.de\/gestalten\/tassen\" target=\"_blank\" rel=\"noreferrer noopener\"><strong>Tassen<\/strong> <\/a>so, dass sie niemand sonst hat. Du kannst damit nicht nur Dein Outfit upgraden, sondern auch Geschenke und Accessoires f\u00fcr Freunde oder die ganze Gruppe designen. Denn wer kennt sie nicht, die ber\u00fchmten Volksfest-Teambuildings?&nbsp;&nbsp;<\/p>\n\n\n\n<h2 class=\"wp-block-heading\"><strong>Traditionelle Volksfest-Outfits \u2013 aber bitte einzigartig?<\/strong>&nbsp;<\/h2>\n\n\n\n<p>Die Stimmung ist gro\u00dfartig, aber wenn Du Dich umsiehst, merkst Du schnell: Viele Looks \u00e4hneln sich. Klassische Dirndl in Rosa, Lederhosn in Braun \u2013 sch\u00f6n, aber vorhersehbar.&nbsp;<\/p>\n\n\n\n<p>Ein selbstgestaltetes Teil macht hier den Unterschied. Es ist Dein Statement, Dein Vibe, Deine Style-DNA. Vielleicht ein Hoodie, der perfekt zu deiner Tracht passt. Vielleicht ein Bandana mit einem Insider-Spruch, den nur Deine Crew versteht. Genau so wirst Du zum Fashion-Highlight im Festzelt.&nbsp;<\/p>\n\n\n\n<h2 class=\"wp-block-heading\"><strong>Welche Styles lassen sich easy selbst designen?&nbsp;<\/strong>&nbsp;<\/h2>\n\n\n\n<p>Mit Print-on-Demand hast Du eine riesige Auswahl. Du musst nicht bei T-Shirts aufh\u00f6ren.&nbsp;<\/p>\n\n\n\n<ul class=\"wp-block-list\">\n<li><strong>T-Shirts &amp; Hoodies<\/strong>: Perfekt, um die traditionelle Tracht zu erg\u00e4nzen oder zu brechen.&nbsp;<\/li>\n<\/ul>\n\n\n\n<ul class=\"wp-block-list\">\n<li><strong>Caps &amp; M\u00fctzen oder Bandanas<\/strong>: F\u00fcr einen Hauch Athleisure oder als stylisher Sonnenschutz im goldenen Herbst.&nbsp;<\/li>\n<\/ul>\n\n\n\n<ul class=\"wp-block-list\">\n<li><strong>Stoffbeutel &amp; Bauchtaschen<\/strong>: Praktisch f\u00fcr Dein Handy, Geldbeutel und kleine Souvenirs.&nbsp;<\/li>\n<\/ul>\n\n\n\n<ul class=\"wp-block-list\">\n<li><strong>Becher, Tassen, Trinkflaschen<\/strong>: Ideal als Geschenk f\u00fcr die ganze Runde.&nbsp;<\/li>\n<\/ul>\n\n\n\n<p>Gerade Accessoires sind ein Geheimtipp: Sie lassen sich leicht kombinieren und fallen sofort auf, ohne das gesamte Outfit zu dominieren.&nbsp;<\/p>\n\n\n\t\t<div class=\"row\">\n\t\t\t\n\t\t\t\t<div class=\"col-12\">\n\t\t\t\t\t<figure role=\"group\">\n\t\t\t\t\t\t<a href=\"https:\/\/www.spreadshirt.de\/selbst-gestalten?productType=268&amp;view=3&amp;draft=BQXp1nbQvYf0rNXkBW4M&amp;affiliateId=1246955&amp;orgn=CYO&amp;netw=OT\"\n\t\t\t\t\t\t\t\t\t\t\t\t\t\t\t\t\t\t\t\t\t\t class=\"\" target='_blank'>\n\t\t\t\t\t\t\t<picture><source srcset=\"https:\/\/res.cloudinary.com\/sprdcyoblog\/image\/upload\/f_auto,q_70\/w_1030\/v1755093106\/blog\/teaser\/Volksfest_Tasse\" media=\"(min-width: 767px)\"><img src='https:\/\/res.cloudinary.com\/sprdcyoblog\/image\/upload\/f_auto,q_70\/w_1030\/v1755093106\/blog\/teaser\/Volksfest_Tasse' alt=''><\/picture>\t\t\t\t\t\t<\/a>\n\t\t\t\t\t\t\t\t\t\t\t<\/figure>\n\t\t\t\t<\/div>\n\t\t\t\t\t<\/div>\n\t\t\n\n\n<h2 class=\"wp-block-heading\"><strong>4 Trend-Ideen f\u00fcr Deinen Festwiesn-Auftritt<\/strong>&nbsp;<\/h2>\n\n\n\n<p>Jetzt geht\u2019s ins Detail: Welche Style-Richtung soll\u2019s sein?&nbsp;<\/p>\n\n\n\n<p><strong>Cool:<\/strong>&nbsp;<\/p>\n\n\n\n<ul class=\"wp-block-list\">\n<li>Minimalistische Designs in Schwarz-Wei\u00df&nbsp;<\/li>\n<\/ul>\n\n\n\n<ul class=\"wp-block-list\">\n<li>Klare Linien, kleine Symbole, modern und schlicht<\/li>\n<\/ul>\n\n\n\n<p><strong>Verspielt:<\/strong>&nbsp;<\/p>\n\n\n\n<ul class=\"wp-block-list\">\n<li>Florale Muster, Herzchen oder grafische Brezl-Motive&nbsp;<\/li>\n<\/ul>\n\n\n\n<ul class=\"wp-block-list\">\n<li>Pastellfarben, die sich harmonisch ins Outfit einf\u00fcgen&nbsp;<\/li>\n<\/ul>\n\n\n\n<p><strong>Extravagant:<\/strong>&nbsp;<\/p>\n\n\n\n<ul class=\"wp-block-list\">\n<li>Neonfarben oder starke Kontraste, die schon von weitem auffallen&nbsp;<\/li>\n<\/ul>\n\n\n\n<ul class=\"wp-block-list\">\n<li>XXL-Grafiken oder auff\u00e4llige Typografie&nbsp;<\/li>\n<\/ul>\n\n\n\n<p><strong>Coole Spr\u00fcche f\u00fcr T-Shirts:<\/strong>&nbsp;<\/p>\n\n\n\n<ul class=\"wp-block-list\">\n<li>\u201eLederhosn but make it fashion\u201c&nbsp;<\/li>\n<\/ul>\n\n\n\n<ul class=\"wp-block-list\">\n<li>\u201eDirndl drip level 100\u201c&nbsp;<\/li>\n<\/ul>\n\n\n\n<ul class=\"wp-block-list\">\n<li>\u201eTracht but make it TikTok\u201c&nbsp;<\/li>\n<\/ul>\n\n\n\n<p>Mit den richtigen Spr\u00fcchen wird Dein Outfit nicht nur gesehen, sondern geht vielleicht direkt viral.&nbsp;<\/p>\n\n\n\t\t<div class=\"row\">\n\t\t\t\n\t\t\t\t<div class=\"col-12\">\n\t\t\t\t\t<figure role=\"group\">\n\t\t\t\t\t\t<a href=\" https:\/\/www.spreadshirt.de\/selbst-gestalten?productType=631&amp;view=1&amp;draft=oBE3ZrRrpWsr7M87g2pl&amp;affiliateId=1246955&amp;orgn=CYO&amp;netw=OT\"\n\t\t\t\t\t\t\t\t\t\t\t\t\t\t\t\t\t\t\t\t\t\t class=\"\" target='_blank'>\n\t\t\t\t\t\t\t<picture><source srcset=\"https:\/\/res.cloudinary.com\/sprdcyoblog\/image\/upload\/f_auto,q_70\/w_1030\/v1755093520\/blog\/teaser\/Volkfest_T-Shirt\" media=\"(min-width: 767px)\"><img src='https:\/\/res.cloudinary.com\/sprdcyoblog\/image\/upload\/f_auto,q_70\/w_1030\/v1755093520\/blog\/teaser\/Volkfest_T-Shirt' alt=''><\/picture>\t\t\t\t\t\t<\/a>\n\t\t\t\t\t\t\t\t\t\t\t<\/figure>\n\t\t\t\t<\/div>\n\t\t\t\t\t<\/div>\n\t\t\n\n\n<h2 class=\"wp-block-heading\"><strong>Gruppen-Looks f\u00fcr den gro\u00dfen Auftritt<\/strong>&nbsp;<\/h2>\n\n\n\n<p>Als Gruppe zum Volksfest zu gehen ist sowieso schon ein Highlight. Aber mit abgestimmten Outfits fallt ihr auf (und findet euch auch wieder)&nbsp;<\/p>\n\n\n\n<ul class=\"wp-block-list\">\n<li>Einheitliche Shirts mit Gruppennamen oder Jahreszahl&nbsp;<\/li>\n<\/ul>\n\n\n\n<ul class=\"wp-block-list\">\n<li>Farbige Akzente pro Person, damit jeder individuell bleibt&nbsp;<\/li>\n<\/ul>\n\n\n\n<ul class=\"wp-block-list\">\n<li>Bedruckte Bandanas oder Tassen als Erinnerungsst\u00fcck&nbsp;<\/li>\n<\/ul>\n\n\n\n<p>Tipp: Wenn ihr eine gr\u00f6\u00dfere Runde seid, lohnt sich ein Design, das auch auf Hoodies oder Caps gut aussieht. So kann jeder entscheiden, welches Teil er oder sie tragen m\u00f6chte \u2013 und trotzdem bleibt es ein Crew-Look.&nbsp;<\/p>\n\n\n\t\t<div class=\"row\">\n\t\t\t\n\t\t\t\t<div class=\"col-12\">\n\t\t\t\t\t<figure role=\"group\">\n\t\t\t\t\t\t<a href=\"https:\/\/www.spreadshirt.de\/selbst-gestalten?productType=1406&amp;view=1&amp;draft=8ZNpaMzeYpTg7Gx7jjyR&amp;affiliateId=1246955&amp;orgn=CYO&amp;netw=OT\"\n\t\t\t\t\t\t\t\t\t\t\t\t\t\t\t\t\t\t\t\t\t\t class=\"\" target='_blank'>\n\t\t\t\t\t\t\t<picture><source srcset=\"https:\/\/res.cloudinary.com\/sprdcyoblog\/image\/upload\/f_auto,q_70\/w_1030\/v1755093105\/blog\/teaser\/Volksfest_Bandana\" media=\"(min-width: 767px)\"><img src='https:\/\/res.cloudinary.com\/sprdcyoblog\/image\/upload\/f_auto,q_70\/w_1030\/v1755093105\/blog\/teaser\/Volksfest_Bandana' alt=''><\/picture>\t\t\t\t\t\t<\/a>\n\t\t\t\t\t\t\t\t\t\t\t<\/figure>\n\t\t\t\t<\/div>\n\t\t\t\t\t<\/div>\n\t\t\n\n\n<h2 class=\"wp-block-heading\"><strong>Geschenkideen f\u00fcr Volksfest-Fans<\/strong>&nbsp;<\/h2>\n\n\n\n<p>Jeder hat diesen einen Freund oder Freundin, die sich schon das ganze Jahr auf den Anstich freut, oder? Wieso dieser Person nicht mal eine originelle \u00dcberraschung machen, um die Vorfreude ins unermessliche zu steigern?&nbsp;<\/p>\n\n\n\n<p><strong>Ideen:<\/strong>&nbsp;<\/p>\n\n\n\n<ul class=\"wp-block-list\">\n<li>Tasse mit einem lustigen Spruch f\u00fcr den ersten Kaffee vor dem Fest&nbsp;<\/li>\n<\/ul>\n\n\n\n<ul class=\"wp-block-list\">\n<li>Hoodie f\u00fcr k\u00fchle Abendstunden auf dem Festplatz&nbsp;<\/li>\n<\/ul>\n\n\n\n<ul class=\"wp-block-list\">\n<li>Stoffbeutel mit Namen und witzigem Motiv \u2013 perfekt f\u00fcr Brotzeit oder Mitbringsel&nbsp;<\/li>\n<\/ul>\n\n\n\n<h2 class=\"wp-block-heading\"><strong>Ja, einzigartige und selbstgestaltete Fest-Looks lohnen sich!&nbsp;<\/strong>&nbsp;<\/h2>\n\n\n\n<p>Ein Volksfest ist mehr als Musik und hoch die Kr\u00fcge. Es ist auch eine Oase f\u00fcr Modefans, die ihre Liebe zum individuellen Style ausleben wollen. Du wirst merken: Es f\u00fchlt sich einfach gut an, wenn Leute auf Dich zukommen und fragen, woher Dein Teil ist \u2013 und Du sagen kannst: \u201eHab ich selbst designt.\u201c&nbsp;<\/p>\n\n\n\n<p>Also: Lass Deiner Kreativit\u00e4t freien Lauf, probiere aus, kombiniere mutig. M\u00f6gen Dir alle Lebkuchenherzen zufliegen.&nbsp;&nbsp;&nbsp;<\/p>\n\n\n<div class=\"wp-bootstrap-blocks-button text-center\">\n\t<a\n\t\thref=\"https:\/\/www.spreadshirt.de\/selbst-gestalten\"\n\t\t\t\t\t\tclass=\"btn btn-primary\"\n\t>\n\t\tJetzt gestalten\t<\/a>\n<\/div>\n\n\n\n<p><\/p>\n","protected":false},"excerpt":{"rendered":"<p>Stell Dir vor: Die Sonne geht langsam unter, der Duft von gebrannten Mandeln liegt in der Luft, die Musik der Blaskapelle mischt sich mit Gel\u00e4chter und dem Klirren von Kr\u00fcgen. \u00dcberall Dirndl, Lederhosn und Tracht \u2013 und mittendrin Du. Aber nicht einfach so, sondern mit einem Look, der sofort alle Blicke auf sich zieht. Kein [&hellip;]<\/p>\n","protected":false},"author":21,"featured_media":0,"comment_status":"open","ping_status":"open","sticky":false,"template":"","format":"standard","meta":{"sprd_sidebar_image_preview_block_field":"v1755094643\/blog\/teaser\/Volksfest_teaser","footnotes":""},"categories":[1],"tags":[],"class_list":["post-3469","post","type-post","status-publish","format-standard","hentry","category-spreadshirt","entry"],"yoast_head":"<!-- This site is optimized with the Yoast SEO plugin v25.4 - https:\/\/yoast.com\/wordpress\/plugins\/seo\/ -->\n<title>Dein selbstdesignter Volksfest-Style\u00a0 - Spreadshirt Blog<\/title>\n<meta name=\"description\" content=\"Entdecke kreative Ideen f\u00fcr Deinen selbstdesignten Volksfest-Style \u2013 von T-Shirts bis Accessoires. So machst Du Dein Outfit einzigartig!\" \/>\n<meta name=\"robots\" content=\"index, follow, max-snippet:-1, max-image-preview:large, max-video-preview:-1\" \/>\n<link rel=\"canonical\" href=\"https:\/\/www.spreadshirt.de\/gestalten\/blog\/volksfest-outfitideen\/\" \/>\n<meta property=\"og:locale\" content=\"de_DE\" \/>\n<meta property=\"og:type\" content=\"article\" \/>\n<meta property=\"og:title\" content=\"Dein selbstdesignter Volksfest-Style\u00a0 - Spreadshirt Blog\" \/>\n<meta property=\"og:description\" content=\"Entdecke kreative Ideen f\u00fcr Deinen selbstdesignten Volksfest-Style \u2013 von T-Shirts bis Accessoires. So machst Du Dein Outfit einzigartig!\" \/>\n<meta property=\"og:url\" content=\"https:\/\/www.spreadshirt.de\/gestalten\/blog\/volksfest-outfitideen\/\" \/>\n<meta property=\"og:site_name\" content=\"Spreadshirt Blog\" \/>\n<meta property=\"article:published_time\" content=\"2025-08-13T14:19:16+00:00\" \/>\n<meta property=\"article:modified_time\" content=\"2025-08-26T12:37:35+00:00\" \/>\n<meta name=\"author\" content=\"Spreadshirt Redaktion\" \/>\n<meta name=\"twitter:label1\" content=\"Verfasst von\" \/>\n\t<meta name=\"twitter:data1\" content=\"Spreadshirt Redaktion\" \/>\n\t<meta name=\"twitter:label2\" content=\"Gesch\u00e4tzte Lesezeit\" \/>\n\t<meta name=\"twitter:data2\" content=\"4\u00a0Minuten\" \/>\n<script type=\"application\/ld+json\" class=\"yoast-schema-graph\">{\"@context\":\"https:\/\/schema.org\",\"@graph\":[{\"@type\":\"WebPage\",\"@id\":\"https:\/\/www.spreadshirt.de\/gestalten\/blog\/volksfest-outfitideen\/\",\"url\":\"https:\/\/www.spreadshirt.de\/gestalten\/blog\/volksfest-outfitideen\/\",\"name\":\"Dein selbstdesignter Volksfest-Style\u00a0 - Spreadshirt Blog\",\"isPartOf\":{\"@id\":\"https:\/\/www.spreadshirt.de\/gestalten\/blog\/#website\"},\"datePublished\":\"2025-08-13T14:19:16+00:00\",\"dateModified\":\"2025-08-26T12:37:35+00:00\",\"author\":{\"@id\":\"https:\/\/www.spreadshirt.de\/gestalten\/blog\/#\/schema\/person\/a5b7319a22def1b556dfa834cdf00473\"},\"description\":\"Entdecke kreative Ideen f\u00fcr Deinen selbstdesignten Volksfest-Style \u2013 von T-Shirts bis Accessoires. So machst Du Dein Outfit einzigartig!\",\"breadcrumb\":{\"@id\":\"https:\/\/www.spreadshirt.de\/gestalten\/blog\/volksfest-outfitideen\/#breadcrumb\"},\"inLanguage\":\"de\",\"potentialAction\":[{\"@type\":\"ReadAction\",\"target\":[\"https:\/\/www.spreadshirt.de\/gestalten\/blog\/volksfest-outfitideen\/\"]}]},{\"@type\":\"BreadcrumbList\",\"@id\":\"https:\/\/www.spreadshirt.de\/gestalten\/blog\/volksfest-outfitideen\/#breadcrumb\",\"itemListElement\":[{\"@type\":\"ListItem\",\"position\":1,\"name\":\"Startseite\",\"item\":\"https:\/\/www.spreadshirt.de\/gestalten\/blog\/\"},{\"@type\":\"ListItem\",\"position\":2,\"name\":\"Dein selbstdesignter Volksfest-Style\u00a0\"}]},{\"@type\":\"WebSite\",\"@id\":\"https:\/\/www.spreadshirt.de\/gestalten\/blog\/#website\",\"url\":\"https:\/\/www.spreadshirt.de\/gestalten\/blog\/\",\"name\":\"Spreadshirt Blog\",\"description\":\"Make It Yours\",\"potentialAction\":[{\"@type\":\"SearchAction\",\"target\":{\"@type\":\"EntryPoint\",\"urlTemplate\":\"https:\/\/www.spreadshirt.de\/gestalten\/blog\/?s={search_term_string}\"},\"query-input\":{\"@type\":\"PropertyValueSpecification\",\"valueRequired\":true,\"valueName\":\"search_term_string\"}}],\"inLanguage\":\"de\"},{\"@type\":\"Person\",\"@id\":\"https:\/\/www.spreadshirt.de\/gestalten\/blog\/#\/schema\/person\/a5b7319a22def1b556dfa834cdf00473\",\"name\":\"Spreadshirt Redaktion\",\"image\":{\"@type\":\"ImageObject\",\"inLanguage\":\"de\",\"@id\":\"https:\/\/www.spreadshirt.de\/gestalten\/blog\/#\/schema\/person\/image\/\",\"url\":\"https:\/\/secure.gravatar.com\/avatar\/ca1df6d28971cc2250f3ecda9eccbe92?s=96&d=mm&r=g\",\"contentUrl\":\"https:\/\/secure.gravatar.com\/avatar\/ca1df6d28971cc2250f3ecda9eccbe92?s=96&d=mm&r=g\",\"caption\":\"Spreadshirt Redaktion\"},\"url\":\"https:\/\/www.spreadshirt.de\/gestalten\/blog\/author\/sapk\/\"}]}<\/script>\n<!-- \/ Yoast SEO plugin. -->","yoast_head_json":{"title":"Dein selbstdesignter Volksfest-Style\u00a0 - Spreadshirt Blog","description":"Entdecke kreative Ideen f\u00fcr Deinen selbstdesignten Volksfest-Style \u2013 von T-Shirts bis Accessoires. So machst Du Dein Outfit einzigartig!","robots":{"index":"index","follow":"follow","max-snippet":"max-snippet:-1","max-image-preview":"max-image-preview:large","max-video-preview":"max-video-preview:-1"},"canonical":"https:\/\/www.spreadshirt.de\/gestalten\/blog\/volksfest-outfitideen\/","og_locale":"de_DE","og_type":"article","og_title":"Dein selbstdesignter Volksfest-Style\u00a0 - Spreadshirt Blog","og_description":"Entdecke kreative Ideen f\u00fcr Deinen selbstdesignten Volksfest-Style \u2013 von T-Shirts bis Accessoires. So machst Du Dein Outfit einzigartig!","og_url":"https:\/\/www.spreadshirt.de\/gestalten\/blog\/volksfest-outfitideen\/","og_site_name":"Spreadshirt Blog","article_published_time":"2025-08-13T14:19:16+00:00","article_modified_time":"2025-08-26T12:37:35+00:00","author":"Spreadshirt Redaktion","twitter_misc":{"Verfasst von":"Spreadshirt Redaktion","Gesch\u00e4tzte Lesezeit":"4\u00a0Minuten"},"schema":{"@context":"https:\/\/schema.org","@graph":[{"@type":"WebPage","@id":"https:\/\/www.spreadshirt.de\/gestalten\/blog\/volksfest-outfitideen\/","url":"https:\/\/www.spreadshirt.de\/gestalten\/blog\/volksfest-outfitideen\/","name":"Dein selbstdesignter Volksfest-Style\u00a0 - Spreadshirt Blog","isPartOf":{"@id":"https:\/\/www.spreadshirt.de\/gestalten\/blog\/#website"},"datePublished":"2025-08-13T14:19:16+00:00","dateModified":"2025-08-26T12:37:35+00:00","author":{"@id":"https:\/\/www.spreadshirt.de\/gestalten\/blog\/#\/schema\/person\/a5b7319a22def1b556dfa834cdf00473"},"description":"Entdecke kreative Ideen f\u00fcr Deinen selbstdesignten Volksfest-Style \u2013 von T-Shirts bis Accessoires. So machst Du Dein Outfit einzigartig!","breadcrumb":{"@id":"https:\/\/www.spreadshirt.de\/gestalten\/blog\/volksfest-outfitideen\/#breadcrumb"},"inLanguage":"de","potentialAction":[{"@type":"ReadAction","target":["https:\/\/www.spreadshirt.de\/gestalten\/blog\/volksfest-outfitideen\/"]}]},{"@type":"BreadcrumbList","@id":"https:\/\/www.spreadshirt.de\/gestalten\/blog\/volksfest-outfitideen\/#breadcrumb","itemListElement":[{"@type":"ListItem","position":1,"name":"Startseite","item":"https:\/\/www.spreadshirt.de\/gestalten\/blog\/"},{"@type":"ListItem","position":2,"name":"Dein selbstdesignter Volksfest-Style\u00a0"}]},{"@type":"WebSite","@id":"https:\/\/www.spreadshirt.de\/gestalten\/blog\/#website","url":"https:\/\/www.spreadshirt.de\/gestalten\/blog\/","name":"Spreadshirt Blog","description":"Make It Yours","potentialAction":[{"@type":"SearchAction","target":{"@type":"EntryPoint","urlTemplate":"https:\/\/www.spreadshirt.de\/gestalten\/blog\/?s={search_term_string}"},"query-input":{"@type":"PropertyValueSpecification","valueRequired":true,"valueName":"search_term_string"}}],"inLanguage":"de"},{"@type":"Person","@id":"https:\/\/www.spreadshirt.de\/gestalten\/blog\/#\/schema\/person\/a5b7319a22def1b556dfa834cdf00473","name":"Spreadshirt Redaktion","image":{"@type":"ImageObject","inLanguage":"de","@id":"https:\/\/www.spreadshirt.de\/gestalten\/blog\/#\/schema\/person\/image\/","url":"https:\/\/secure.gravatar.com\/avatar\/ca1df6d28971cc2250f3ecda9eccbe92?s=96&d=mm&r=g","contentUrl":"https:\/\/secure.gravatar.com\/avatar\/ca1df6d28971cc2250f3ecda9eccbe92?s=96&d=mm&r=g","caption":"Spreadshirt Redaktion"},"url":"https:\/\/www.spreadshirt.de\/gestalten\/blog\/author\/sapk\/"}]}},"_links":{"self":[{"href":"https:\/\/www.spreadshirt.de\/gestalten\/blog\/wp-json\/wp\/v2\/posts\/3469"}],"collection":[{"href":"https:\/\/www.spreadshirt.de\/gestalten\/blog\/wp-json\/wp\/v2\/posts"}],"about":[{"href":"https:\/\/www.spreadshirt.de\/gestalten\/blog\/wp-json\/wp\/v2\/types\/post"}],"author":[{"embeddable":true,"href":"https:\/\/www.spreadshirt.de\/gestalten\/blog\/wp-json\/wp\/v2\/users\/21"}],"replies":[{"embeddable":true,"href":"https:\/\/www.spreadshirt.de\/gestalten\/blog\/wp-json\/wp\/v2\/comments?post=3469"}],"version-history":[{"count":12,"href":"https:\/\/www.spreadshirt.de\/gestalten\/blog\/wp-json\/wp\/v2\/posts\/3469\/revisions"}],"predecessor-version":[{"id":3481,"href":"https:\/\/www.spreadshirt.de\/gestalten\/blog\/wp-json\/wp\/v2\/posts\/3469\/revisions\/3481"}],"wp:attachment":[{"href":"https:\/\/www.spreadshirt.de\/gestalten\/blog\/wp-json\/wp\/v2\/media?parent=3469"}],"wp:term":[{"taxonomy":"category","embeddable":true,"href":"https:\/\/www.spreadshirt.de\/gestalten\/blog\/wp-json\/wp\/v2\/categories?post=3469"},{"taxonomy":"post_tag","embeddable":true,"href":"https:\/\/www.spreadshirt.de\/gestalten\/blog\/wp-json\/wp\/v2\/tags?post=3469"}],"curies":[{"name":"wp","href":"https:\/\/api.w.org\/{rel}","templated":true}]}}